{"id":281,"date":"2019-05-06T11:35:42","date_gmt":"2019-05-06T11:35:42","guid":{"rendered":"https:\/\/figuren-masken.de\/?p=281"},"modified":"2019-06-03T20:36:44","modified_gmt":"2019-06-03T20:36:44","slug":"281","status":"publish","type":"post","link":"https:\/\/figuren-masken.de\/?p=281","title":{"rendered":"Reizvolle Begegnungen 2: Lindele Mzweli (SA) trifft Katrin Geigenm\u00fcller (Aichtal)"},"content":{"rendered":"<p><img loading=\"lazy\" decoding=\"async\" class=\"size-large wp-image-283 aligncenter\" src=\"https:\/\/figuren-masken.de\/wp-content\/uploads\/2019\/05\/Plakat-Katrin-und-Lindele-700x1244.jpg\" alt=\"\" width=\"700\" height=\"1244\" srcset=\"https:\/\/figuren-masken.de\/wp-content\/uploads\/2019\/05\/Plakat-Katrin-und-Lindele-700x1244.jpg 700w, https:\/\/figuren-masken.de\/wp-content\/uploads\/2019\/05\/Plakat-Katrin-und-Lindele-169x300.jpg 169w, https:\/\/figuren-masken.de\/wp-content\/uploads\/2019\/05\/Plakat-Katrin-und-Lindele-768x1365.jpg 768w\" sizes=\"(max-width: 700px) 100vw, 700px\" \/><\/p>\n<p><strong>TO LIVE IS TO CHOOSE &#8211; Galerie f\u00fcr zeitgen\u00f6ssische Kunst aus Ghana<\/strong><\/p>\n<p>B\u00f6hmisreuteweg 2, 70199 Stuttgart (Heslach)<br \/>\nGe\u00f6ffnet: Montag 15 &#8211; 18 Uhr und Samstag, 11 &#8211; 15 Uhr und nach Vereinbarung<br \/>\n<strong><a href=\"http:\/\/www.to-choose.de\">www.to-choose.de<\/a><\/strong> &#8211; mobil 0178 1389559<\/p>\n","protected":false},"excerpt":{"rendered":"<p>TO LIVE IS TO CHOOSE &#8211; Galerie f\u00fcr zeitgen\u00f6ssische Kunst aus Ghana B\u00f6hmisreuteweg 2, 70199 Stuttgart (Heslach) Ge\u00f6ffnet: Montag 15 &#8211; 18 Uhr und Samstag, 11 &#8211; 15 Uhr und nach Vereinbarung www.to-choose.de &#8211; mobil 0178 1389559<\/p>\n","protected":false},"author":1,"featured_media":300,"comment_status":"open","ping_status":"open","sticky":false,"template":"","format":"image","meta":{"footnotes":""},"categories":[1],"tags":[],"views":1525,"jetpack_featured_media_url":"https:\/\/figuren-masken.de\/wp-content\/uploads\/2019\/05\/Website.jpg","_links":{"self":[{"href":"https:\/\/figuren-masken.de\/index.php?rest_route=\/wp\/v2\/posts\/281"}],"collection":[{"href":"https:\/\/figuren-masken.de\/index.php?rest_route=\/wp\/v2\/posts"}],"about":[{"href":"https:\/\/figuren-masken.de\/index.php?rest_route=\/wp\/v2\/types\/post"}],"author":[{"embeddable":true,"href":"https:\/\/figuren-masken.de\/index.php?rest_route=\/wp\/v2\/users\/1"}],"replies":[{"embeddable":true,"href":"https:\/\/figuren-masken.de\/index.php?rest_route=%2Fwp%2Fv2%2Fcomments&post=281"}],"version-history":[{"count":4,"href":"https:\/\/figuren-masken.de\/index.php?rest_route=\/wp\/v2\/posts\/281\/revisions"}],"predecessor-version":[{"id":301,"href":"https:\/\/figuren-masken.de\/index.php?rest_route=\/wp\/v2\/posts\/281\/revisions\/301"}],"wp:featuredmedia":[{"embeddable":true,"href":"https:\/\/figuren-masken.de\/index.php?rest_route=\/wp\/v2\/media\/300"}],"wp:attachment":[{"href":"https:\/\/figuren-masken.de\/index.php?rest_route=%2Fwp%2Fv2%2Fmedia&parent=281"}],"wp:term":[{"taxonomy":"category","embeddable":true,"href":"https:\/\/figuren-masken.de\/index.php?rest_route=%2Fwp%2Fv2%2Fcategories&post=281"},{"taxonomy":"post_tag","embeddable":true,"href":"https:\/\/figuren-masken.de\/index.php?rest_route=%2Fwp%2Fv2%2Ftags&post=281"}],"curies":[{"name":"wp","href":"https:\/\/api.w.org\/{rel}","templated":true}]}}