{"id":267,"date":"2019-03-04T08:13:56","date_gmt":"2019-03-04T08:13:56","guid":{"rendered":"https:\/\/figuren-masken.de\/?p=267"},"modified":"2019-03-04T08:13:56","modified_gmt":"2019-03-04T08:13:56","slug":"arte-sindelfingen","status":"publish","type":"post","link":"https:\/\/figuren-masken.de\/?p=267","title":{"rendered":"ARTe Sindelfingen"},"content":{"rendered":"<p style=\"text-align: center;\">DIe ARTe Sindelfingen (vom 21.-24.03.19) steht wieder vor der T\u00fcre! Besuchen sie mich am Stand D.2.2.<\/p>\n<p style=\"text-align: center;\"><a href=\"http:\/\/www.arte-messe.de\">ARTe &#8211; Messe f\u00fcr Zeitgen\u00f6ssische Kunst<\/a><\/p>\n<p><img loading=\"lazy\" decoding=\"async\" class=\"aligncenter wp-image-269 size-large\" src=\"https:\/\/figuren-masken.de\/wp-content\/uploads\/2019\/03\/20180301_165127-700x933.jpg\" alt=\"\" width=\"700\" height=\"933\" srcset=\"https:\/\/figuren-masken.de\/wp-content\/uploads\/2019\/03\/20180301_165127-700x933.jpg 700w, https:\/\/figuren-masken.de\/wp-content\/uploads\/2019\/03\/20180301_165127-225x300.jpg 225w, https:\/\/figuren-masken.de\/wp-content\/uploads\/2019\/03\/20180301_165127-768x1024.jpg 768w, https:\/\/figuren-masken.de\/wp-content\/uploads\/2019\/03\/20180301_165127-630x840.jpg 630w, https:\/\/figuren-masken.de\/wp-content\/uploads\/2019\/03\/20180301_165127-960x1280.jpg 960w, https:\/\/figuren-masken.de\/wp-content\/uploads\/2019\/03\/20180301_165127.jpg 1000w\" sizes=\"(max-width: 700px) 100vw, 700px\" \/><\/p>\n","protected":false},"excerpt":{"rendered":"<p>DIe ARTe Sindelfingen (vom 21.-24.03.19) steht wieder vor der T\u00fcre! Besuchen sie mich am Stand D.2.2. ARTe &#8211; Messe f\u00fcr Zeitgen\u00f6ssische Kunst<\/p>\n","protected":false},"author":1,"featured_media":270,"comment_status":"open","ping_status":"open","sticky":false,"template":"","format":"image","meta":{"footnotes":""},"categories":[1],"tags":[],"views":1153,"jetpack_featured_media_url":"https:\/\/figuren-masken.de\/wp-content\/uploads\/2019\/03\/20180301_164022.jpg","_links":{"self":[{"href":"https:\/\/figuren-masken.de\/index.php?rest_route=\/wp\/v2\/posts\/267"}],"collection":[{"href":"https:\/\/figuren-masken.de\/index.php?rest_route=\/wp\/v2\/posts"}],"about":[{"href":"https:\/\/figuren-masken.de\/index.php?rest_route=\/wp\/v2\/types\/post"}],"author":[{"embeddable":true,"href":"https:\/\/figuren-masken.de\/index.php?rest_route=\/wp\/v2\/users\/1"}],"replies":[{"embeddable":true,"href":"https:\/\/figuren-masken.de\/index.php?rest_route=%2Fwp%2Fv2%2Fcomments&post=267"}],"version-history":[{"count":2,"href":"https:\/\/figuren-masken.de\/index.php?rest_route=\/wp\/v2\/posts\/267\/revisions"}],"predecessor-version":[{"id":271,"href":"https:\/\/figuren-masken.de\/index.php?rest_route=\/wp\/v2\/posts\/267\/revisions\/271"}],"wp:featuredmedia":[{"embeddable":true,"href":"https:\/\/figuren-masken.de\/index.php?rest_route=\/wp\/v2\/media\/270"}],"wp:attachment":[{"href":"https:\/\/figuren-masken.de\/index.php?rest_route=%2Fwp%2Fv2%2Fmedia&parent=267"}],"wp:term":[{"taxonomy":"category","embeddable":true,"href":"https:\/\/figuren-masken.de\/index.php?rest_route=%2Fwp%2Fv2%2Fcategories&post=267"},{"taxonomy":"post_tag","embeddable":true,"href":"https:\/\/figuren-masken.de\/index.php?rest_route=%2Fwp%2Fv2%2Ftags&post=267"}],"curies":[{"name":"wp","href":"https:\/\/api.w.org\/{rel}","templated":true}]}}